{"id":10623,"date":"2023-07-26T21:42:40","date_gmt":"2023-07-26T19:42:40","guid":{"rendered":"https:\/\/albaicin.fr\/?p=10623"},"modified":"2025-07-22T14:01:48","modified_gmt":"2025-07-22T12:01:48","slug":"deferlantes-camaret","status":"publish","type":"post","link":"https:\/\/albaicin.fr\/index.php\/2023\/07\/26\/deferlantes-camaret\/","title":{"rendered":"March\u00e9 des D\u00e9ferlantes &#8211; Camaret-sur-Mer"},"content":{"rendered":"<div class=\"wpb-content-wrapper\">[vc_row full_width=\u00a0\u00bbstretch_row\u00a0\u00bb equal_height=\u00a0\u00bbyes\u00a0\u00bb css=\u00a0\u00bb.vc_custom_1493379474981{padding-top: 35px !important;padding-bottom: 35px !important;background-image: url(https:\/\/evolutive-formation.fr\/wp-content\/uploads\/2016\/11\/section-with-articles-3702.jpg?id=8538) !important;background-position: center !important;background-repeat: no-repeat !important;background-size: cover !important;}\u00a0\u00bb][vc_column width=\u00a0\u00bb2\/3&Prime; css=\u00a0\u00bb.vc_custom_1493376887156{background-color: rgba(255,255,255,0.9) !important;background-position: center !important;background-repeat: no-repeat !important;background-size: cover !important;*background-color: rgb(255,255,255) !important;}\u00a0\u00bb][vc_separator][vc_custom_heading text=\u00a0\u00bbCamaret-sur-Mer<br \/>\nLes D\u00e9ferlantes<br \/>\nDimanche 17 septembre<br \/>\n9h \/ 19h\u00a0\u00bb font_container=\u00a0\u00bbtag:h2|font_size:40|text_align:center|color:%23811013&Prime; google_fonts=\u00a0\u00bbfont_family:Text%20Me%20One%3Aregular|font_style:400%20regular%3A400%3Anormal\u00a0\u00bb css=\u00a0\u00bb.vc_custom_1694092434152{padding-top: 50px !important;padding-right: 50px !important;padding-left: 50px !important;}\u00a0\u00bb][vc_column_text css=\u00a0\u00bb.vc_custom_1697175957084{padding-right: 50px !important;padding-left: 50px !important;}\u00a0\u00bb]\n<p style=\"text-align: center;\">Derni\u00e8re \u00e9dition des D\u00e9ferlantes pour la saison estivale mais aussi mon dernier march\u00e9 de cr\u00e9ateurs pour l&rsquo;\u00e9t\u00e9.<\/p>\n<p style=\"text-align: justify;\">Vous trouverez quelques cr\u00e9ations aux couleurs de l&rsquo;\u00e9t\u00e9 mais surtout de nouvelles nuances automnales et intemporelles.<\/p>\n<p style=\"text-align: justify;\">Au menu, le \u00ab\u00a0Suave\u00a0\u00bb, toujours r\u00e9alis\u00e9 dans des cuirs pleine fleur, avec des cuirs de veau lisses et soyeux et\/ou de taurillon grain\u00e9, dans de nouvelles associations de couleurs in\u00e9dites.<\/p>\n<p style=\"text-align: justify;\"><a href=\"https:\/\/albaicin.fr\/index.php\/musette-sac-dos\/\" target=\"_blank\" rel=\"noopener\">Le Paulo, ce grand polochon musette<\/a>, portable en sac \u00e0 dos ou en travers du corps, ravira celles et ceux qui recherchent de grands sacs pratiques et ind\u00e9modables.<\/p>\n<p style=\"text-align: justify;\">Pour vos t\u00e9l\u00e9phones, j&rsquo;ai termin\u00e9 une nouvelle s\u00e9rie de <a href=\"https:\/\/albaicin.fr\/index.php\/etui-telephone\/\">Smart L+<\/a>. Le fameux \u00e9tui bicolore avec son cordon r\u00e9glable et sa poche carte bancaire \u00e0 l&rsquo;arri\u00e8re.<\/p>\n<p style=\"text-align: justify;\">Le petit dernier de la saison Printemps Et\u00e9 : la Petite Sacoche Mixte pour filles, gar\u00e7ons et non binaires, a vu sa gamme s&rsquo;agrandir avec des coloris Gold\/Capucine ou nubuck vert\/jaune p\u00e2le. Le seul de la gamme muni d&rsquo;une fermeture LoXX s\u00e9curis\u00e9e.<\/p>\n<p style=\"text-align: justify;\">Et encore, des portefeuilles en cuir de vachette tannage v\u00e9g\u00e9tal, des porte-monnaie, des porte-cartes, des blagues \u00e0 tabac, des manchettes pour tous, etc.<\/p>\n<p style=\"text-align: justify;\">Dimanche 17, sera aussi le moment de passer vos commandes sur-mesure afin de les recevoir pour les f\u00eates (et oui, d\u00e9j\u00e0 !!).<\/p>\n<p style=\"text-align: justify;\">A tr\u00e8s bient\u00f4t<\/p>\n[\/vc_column_text][vc_btn title=\u00a0\u00bbSe rendre au march\u00e9 de cr\u00e9ateurs\u00a0\u00bb style=\u00a0\u00bbcustom\u00a0\u00bb custom_background=\u00a0\u00bb#21a6ce\u00a0\u00bb custom_text=\u00a0\u00bb#ffffff\u00a0\u00bb shape=\u00a0\u00bbsquare\u00a0\u00bb align=\u00a0\u00bbcenter\u00a0\u00bb css=\u00a0\u00bb.vc_custom_1694093715665{padding-bottom: 50px !important;}\u00a0\u00bb link=\u00a0\u00bburl:https%3A%2F%2Fwww.google.com%2Fmaps%2Fplace%2FPl.%2BCharles%2Bde%2BGaulle%2C%2B29570%2BCamaret-sur-Mer%2F%4048.2756932%2C-4.5981151%2C15.96z%2Fdata%3D!4m6!3m5!1s0x4816ea8dbe4af16b%3A0xa7ae85c70ad1a54f!8m2!3d48.275833!4d-4.595412!16s%252Fg%252F1ttdmdb1%3Fentry%3Dttu|title:Se%20rendre%20au%20march%C3%A9|target:_blank\u00a0\u00bb][\/vc_column][vc_column width=\u00a0\u00bb1\/3&Prime;][vc_single_image image=\u00a0\u00bb10641&Prime; img_size=\u00a0\u00bblarge\u00a0\u00bb alignment=\u00a0\u00bbright\u00a0\u00bb][\/vc_column][\/vc_row]\n<\/div>","protected":false},"excerpt":{"rendered":"<p>[vc_row full_width=\u00a0\u00bbstretch_row\u00a0\u00bb equal_height=\u00a0\u00bbyes\u00a0\u00bb css=\u00a0\u00bb.vc_custom_1493379474981{padding-top: 35px !important;padding-bottom: 35px !important;background-image: url(https:\/\/evolutive-formation.fr\/wp-content\/uploads\/2016\/11\/section-with-articles-3702.jpg?id=8538) !important;background-position: center !important;background-repeat: no-repeat !important;background-size: cover !important;}\u00a0\u00bb][vc_column width=\u00a0\u00bb2\/3&Prime; css=\u00a0\u00bb.vc_custom_1493376887156{background-color: rgba(255,255,255,0.9) !important;background-position: center !important;background-repeat: no-repeat !important;background-size: cover !important;*background-color: rgb(255,255,255) !important;}\u00a0\u00bb][vc_separator][vc_custom_heading text=\u00a0\u00bbCamaret-sur-Mer Les D\u00e9ferlantes Dimanche 17 septembre 9h \/ 19h\u00a0\u00bb font_container=\u00a0\u00bbtag:h2|font_size:40|text_align:center|color:%23811013&Prime; google_fonts=\u00a0\u00bbfont_family:Text%20Me%20One%3Aregular|font_style:400%20regular%3A400%3Anormal\u00a0\u00bb css=\u00a0\u00bb.vc_custom_1694092434152{padding-top: &hellip; <a class=\"kt-excerpt-readmore\" href=\"https:\/\/albaicin.fr\/index.php\/2023\/07\/26\/deferlantes-camaret\/\" aria-label=\"March\u00e9 des D\u00e9ferlantes &#8211; Camaret-sur-Mer\">Lire plus<\/a><\/p>\n","protected":false},"author":1,"featured_media":10641,"comment_status":"open","ping_status":"open","sticky":false,"template":"","format":"standard","meta":{"footnotes":""},"categories":[101],"tags":[82,92,84,88,90,68,91,85,66,87,67,65,89,86,73,83],"class_list":["post-10623","post","type-post","status-publish","format-standard","has-post-thumbnail","hentry","category-marches-salons","tag-audierne","tag-baie","tag-banane","tag-besace","tag-camaret-sur-mer","tag-createurs","tag-crozon","tag-deferlantes","tag-finistere","tag-homme","tag-marches","tag-maroquinerie","tag-polochon","tag-sac","tag-sacs","tag-suave"],"yoast_head":"<!-- This site is optimized with the Yoast SEO plugin v27.4 - https:\/\/yoast.com\/product\/yoast-seo-wordpress\/ -->\n<title>March\u00e9 des d\u00e9ferlantes \u00e0 Camaret sur mer<\/title>\n<meta name=\"description\" content=\"Les d\u00e9ferlantes de Camaret vous proposent le dernier march\u00e9 de cr\u00e9ateurs de l&#039;\u00e9t\u00e9 2023. Soyez nombreuses \u00e0 nous rejoindre le 17 septembre 23\" \/>\n<meta name=\"robots\" content=\"index, follow, max-snippet:-1, max-image-preview:large, max-video-preview:-1\" \/>\n<link rel=\"canonical\" href=\"https:\/\/albaicin.fr\/index.php\/2023\/07\/26\/deferlantes-camaret\/\" \/>\n<meta property=\"og:locale\" content=\"fr_FR\" \/>\n<meta property=\"og:type\" content=\"article\" \/>\n<meta property=\"og:title\" content=\"March\u00e9 des d\u00e9ferlantes \u00e0 Camaret sur mer\" \/>\n<meta property=\"og:description\" content=\"Les d\u00e9ferlantes de Camaret vous proposent le dernier march\u00e9 de cr\u00e9ateurs de l&#039;\u00e9t\u00e9 2023. Soyez nombreuses \u00e0 nous rejoindre le 17 septembre 23\" \/>\n<meta property=\"og:url\" content=\"https:\/\/albaicin.fr\/index.php\/2023\/07\/26\/deferlantes-camaret\/\" \/>\n<meta property=\"og:site_name\" content=\"albaicin\" \/>\n<meta property=\"article:published_time\" content=\"2023-07-26T19:42:40+00:00\" \/>\n<meta property=\"article:modified_time\" content=\"2025-07-22T12:01:48+00:00\" \/>\n<meta property=\"og:image\" content=\"https:\/\/albaicin.fr\/wp-content\/uploads\/2023\/07\/Marche-de-Createurs-2023-Camaret-sur-Mer.png\" \/>\n\t<meta property=\"og:image:width\" content=\"389\" \/>\n\t<meta property=\"og:image:height\" content=\"549\" \/>\n\t<meta property=\"og:image:type\" content=\"image\/png\" \/>\n<meta name=\"author\" content=\"Anne\" \/>\n<meta name=\"twitter:card\" content=\"summary_large_image\" \/>\n<meta name=\"twitter:label1\" content=\"\u00c9crit par\" \/>\n\t<meta name=\"twitter:data1\" content=\"Anne\" \/>\n\t<meta name=\"twitter:label2\" content=\"Dur\u00e9e de lecture estim\u00e9e\" \/>\n\t<meta name=\"twitter:data2\" content=\"2 minutes\" \/>\n<script type=\"application\/ld+json\" class=\"yoast-schema-graph\">{\"@context\":\"https:\\\/\\\/schema.org\",\"@graph\":[{\"@type\":\"Article\",\"@id\":\"https:\\\/\\\/albaicin.fr\\\/index.php\\\/2023\\\/07\\\/26\\\/deferlantes-camaret\\\/#article\",\"isPartOf\":{\"@id\":\"https:\\\/\\\/albaicin.fr\\\/index.php\\\/2023\\\/07\\\/26\\\/deferlantes-camaret\\\/\"},\"author\":{\"name\":\"Anne\",\"@id\":\"https:\\\/\\\/albaicin.fr\\\/#\\\/schema\\\/person\\\/09473fcbda5abc6a2c55a4f97334fa3e\"},\"headline\":\"March\u00e9 des D\u00e9ferlantes &#8211; Camaret-sur-Mer\",\"datePublished\":\"2023-07-26T19:42:40+00:00\",\"dateModified\":\"2025-07-22T12:01:48+00:00\",\"mainEntityOfPage\":{\"@id\":\"https:\\\/\\\/albaicin.fr\\\/index.php\\\/2023\\\/07\\\/26\\\/deferlantes-camaret\\\/\"},\"wordCount\":464,\"commentCount\":0,\"image\":{\"@id\":\"https:\\\/\\\/albaicin.fr\\\/index.php\\\/2023\\\/07\\\/26\\\/deferlantes-camaret\\\/#primaryimage\"},\"thumbnailUrl\":\"https:\\\/\\\/albaicin.fr\\\/wp-content\\\/uploads\\\/2023\\\/07\\\/Marche-de-Createurs-2023-Camaret-sur-Mer.png\",\"keywords\":[\"audierne\",\"baie\",\"banane\",\"besace\",\"camaret-sur-mer\",\"cr\u00e9ateurs\",\"crozon\",\"d\u00e9ferlantes\",\"finist\u00e8re\",\"homme\",\"march\u00e9s\",\"maroquinerie\",\"polochon\",\"sac\",\"sacs\",\"suave\"],\"articleSection\":[\"March\u00e9s et salons d'artisanat d'art\"],\"inLanguage\":\"fr-FR\",\"potentialAction\":[{\"@type\":\"CommentAction\",\"name\":\"Comment\",\"target\":[\"https:\\\/\\\/albaicin.fr\\\/index.php\\\/2023\\\/07\\\/26\\\/deferlantes-camaret\\\/#respond\"]}]},{\"@type\":\"WebPage\",\"@id\":\"https:\\\/\\\/albaicin.fr\\\/index.php\\\/2023\\\/07\\\/26\\\/deferlantes-camaret\\\/\",\"url\":\"https:\\\/\\\/albaicin.fr\\\/index.php\\\/2023\\\/07\\\/26\\\/deferlantes-camaret\\\/\",\"name\":\"March\u00e9 des d\u00e9ferlantes \u00e0 Camaret sur mer\",\"isPartOf\":{\"@id\":\"https:\\\/\\\/albaicin.fr\\\/#website\"},\"primaryImageOfPage\":{\"@id\":\"https:\\\/\\\/albaicin.fr\\\/index.php\\\/2023\\\/07\\\/26\\\/deferlantes-camaret\\\/#primaryimage\"},\"image\":{\"@id\":\"https:\\\/\\\/albaicin.fr\\\/index.php\\\/2023\\\/07\\\/26\\\/deferlantes-camaret\\\/#primaryimage\"},\"thumbnailUrl\":\"https:\\\/\\\/albaicin.fr\\\/wp-content\\\/uploads\\\/2023\\\/07\\\/Marche-de-Createurs-2023-Camaret-sur-Mer.png\",\"datePublished\":\"2023-07-26T19:42:40+00:00\",\"dateModified\":\"2025-07-22T12:01:48+00:00\",\"author\":{\"@id\":\"https:\\\/\\\/albaicin.fr\\\/#\\\/schema\\\/person\\\/09473fcbda5abc6a2c55a4f97334fa3e\"},\"description\":\"Les d\u00e9ferlantes de Camaret vous proposent le dernier march\u00e9 de cr\u00e9ateurs de l'\u00e9t\u00e9 2023. Soyez nombreuses \u00e0 nous rejoindre le 17 septembre 23\",\"breadcrumb\":{\"@id\":\"https:\\\/\\\/albaicin.fr\\\/index.php\\\/2023\\\/07\\\/26\\\/deferlantes-camaret\\\/#breadcrumb\"},\"inLanguage\":\"fr-FR\",\"potentialAction\":[{\"@type\":\"ReadAction\",\"target\":[\"https:\\\/\\\/albaicin.fr\\\/index.php\\\/2023\\\/07\\\/26\\\/deferlantes-camaret\\\/\"]}]},{\"@type\":\"ImageObject\",\"inLanguage\":\"fr-FR\",\"@id\":\"https:\\\/\\\/albaicin.fr\\\/index.php\\\/2023\\\/07\\\/26\\\/deferlantes-camaret\\\/#primaryimage\",\"url\":\"https:\\\/\\\/albaicin.fr\\\/wp-content\\\/uploads\\\/2023\\\/07\\\/Marche-de-Createurs-2023-Camaret-sur-Mer.png\",\"contentUrl\":\"https:\\\/\\\/albaicin.fr\\\/wp-content\\\/uploads\\\/2023\\\/07\\\/Marche-de-Createurs-2023-Camaret-sur-Mer.png\",\"width\":389,\"height\":549,\"caption\":\"d\u00e9ferlantes\"},{\"@type\":\"BreadcrumbList\",\"@id\":\"https:\\\/\\\/albaicin.fr\\\/index.php\\\/2023\\\/07\\\/26\\\/deferlantes-camaret\\\/#breadcrumb\",\"itemListElement\":[{\"@type\":\"ListItem\",\"position\":1,\"name\":\"Accueil\",\"item\":\"https:\\\/\\\/albaicin.fr\\\/\"},{\"@type\":\"ListItem\",\"position\":2,\"name\":\"March\u00e9 des D\u00e9ferlantes &#8211; Camaret-sur-Mer\"}]},{\"@type\":\"WebSite\",\"@id\":\"https:\\\/\\\/albaicin.fr\\\/#website\",\"url\":\"https:\\\/\\\/albaicin.fr\\\/\",\"name\":\"albaicin\",\"description\":\"Un site utilisant WordPress\",\"potentialAction\":[{\"@type\":\"SearchAction\",\"target\":{\"@type\":\"EntryPoint\",\"urlTemplate\":\"https:\\\/\\\/albaicin.fr\\\/?s={search_term_string}\"},\"query-input\":{\"@type\":\"PropertyValueSpecification\",\"valueRequired\":true,\"valueName\":\"search_term_string\"}}],\"inLanguage\":\"fr-FR\"},{\"@type\":\"Person\",\"@id\":\"https:\\\/\\\/albaicin.fr\\\/#\\\/schema\\\/person\\\/09473fcbda5abc6a2c55a4f97334fa3e\",\"name\":\"Anne\",\"image\":{\"@type\":\"ImageObject\",\"inLanguage\":\"fr-FR\",\"@id\":\"https:\\\/\\\/secure.gravatar.com\\\/avatar\\\/44ffaad85ece501cdac578d757c6e7393ff62de80342c68a646775aabc5a3631?s=96&d=mm&r=g\",\"url\":\"https:\\\/\\\/secure.gravatar.com\\\/avatar\\\/44ffaad85ece501cdac578d757c6e7393ff62de80342c68a646775aabc5a3631?s=96&d=mm&r=g\",\"contentUrl\":\"https:\\\/\\\/secure.gravatar.com\\\/avatar\\\/44ffaad85ece501cdac578d757c6e7393ff62de80342c68a646775aabc5a3631?s=96&d=mm&r=g\",\"caption\":\"Anne\"},\"sameAs\":[\"http:\\\/\\\/albaicin.fr\"],\"url\":\"https:\\\/\\\/albaicin.fr\\\/index.php\\\/author\\\/admin5301\\\/\"}]}<\/script>\n<!-- \/ Yoast SEO plugin. -->","yoast_head_json":{"title":"March\u00e9 des d\u00e9ferlantes \u00e0 Camaret sur mer","description":"Les d\u00e9ferlantes de Camaret vous proposent le dernier march\u00e9 de cr\u00e9ateurs de l'\u00e9t\u00e9 2023. Soyez nombreuses \u00e0 nous rejoindre le 17 septembre 23","robots":{"index":"index","follow":"follow","max-snippet":"max-snippet:-1","max-image-preview":"max-image-preview:large","max-video-preview":"max-video-preview:-1"},"canonical":"https:\/\/albaicin.fr\/index.php\/2023\/07\/26\/deferlantes-camaret\/","og_locale":"fr_FR","og_type":"article","og_title":"March\u00e9 des d\u00e9ferlantes \u00e0 Camaret sur mer","og_description":"Les d\u00e9ferlantes de Camaret vous proposent le dernier march\u00e9 de cr\u00e9ateurs de l'\u00e9t\u00e9 2023. Soyez nombreuses \u00e0 nous rejoindre le 17 septembre 23","og_url":"https:\/\/albaicin.fr\/index.php\/2023\/07\/26\/deferlantes-camaret\/","og_site_name":"albaicin","article_published_time":"2023-07-26T19:42:40+00:00","article_modified_time":"2025-07-22T12:01:48+00:00","og_image":[{"width":389,"height":549,"url":"https:\/\/albaicin.fr\/wp-content\/uploads\/2023\/07\/Marche-de-Createurs-2023-Camaret-sur-Mer.png","type":"image\/png"}],"author":"Anne","twitter_card":"summary_large_image","twitter_misc":{"\u00c9crit par":"Anne","Dur\u00e9e de lecture estim\u00e9e":"2 minutes"},"schema":{"@context":"https:\/\/schema.org","@graph":[{"@type":"Article","@id":"https:\/\/albaicin.fr\/index.php\/2023\/07\/26\/deferlantes-camaret\/#article","isPartOf":{"@id":"https:\/\/albaicin.fr\/index.php\/2023\/07\/26\/deferlantes-camaret\/"},"author":{"name":"Anne","@id":"https:\/\/albaicin.fr\/#\/schema\/person\/09473fcbda5abc6a2c55a4f97334fa3e"},"headline":"March\u00e9 des D\u00e9ferlantes &#8211; Camaret-sur-Mer","datePublished":"2023-07-26T19:42:40+00:00","dateModified":"2025-07-22T12:01:48+00:00","mainEntityOfPage":{"@id":"https:\/\/albaicin.fr\/index.php\/2023\/07\/26\/deferlantes-camaret\/"},"wordCount":464,"commentCount":0,"image":{"@id":"https:\/\/albaicin.fr\/index.php\/2023\/07\/26\/deferlantes-camaret\/#primaryimage"},"thumbnailUrl":"https:\/\/albaicin.fr\/wp-content\/uploads\/2023\/07\/Marche-de-Createurs-2023-Camaret-sur-Mer.png","keywords":["audierne","baie","banane","besace","camaret-sur-mer","cr\u00e9ateurs","crozon","d\u00e9ferlantes","finist\u00e8re","homme","march\u00e9s","maroquinerie","polochon","sac","sacs","suave"],"articleSection":["March\u00e9s et salons d'artisanat d'art"],"inLanguage":"fr-FR","potentialAction":[{"@type":"CommentAction","name":"Comment","target":["https:\/\/albaicin.fr\/index.php\/2023\/07\/26\/deferlantes-camaret\/#respond"]}]},{"@type":"WebPage","@id":"https:\/\/albaicin.fr\/index.php\/2023\/07\/26\/deferlantes-camaret\/","url":"https:\/\/albaicin.fr\/index.php\/2023\/07\/26\/deferlantes-camaret\/","name":"March\u00e9 des d\u00e9ferlantes \u00e0 Camaret sur mer","isPartOf":{"@id":"https:\/\/albaicin.fr\/#website"},"primaryImageOfPage":{"@id":"https:\/\/albaicin.fr\/index.php\/2023\/07\/26\/deferlantes-camaret\/#primaryimage"},"image":{"@id":"https:\/\/albaicin.fr\/index.php\/2023\/07\/26\/deferlantes-camaret\/#primaryimage"},"thumbnailUrl":"https:\/\/albaicin.fr\/wp-content\/uploads\/2023\/07\/Marche-de-Createurs-2023-Camaret-sur-Mer.png","datePublished":"2023-07-26T19:42:40+00:00","dateModified":"2025-07-22T12:01:48+00:00","author":{"@id":"https:\/\/albaicin.fr\/#\/schema\/person\/09473fcbda5abc6a2c55a4f97334fa3e"},"description":"Les d\u00e9ferlantes de Camaret vous proposent le dernier march\u00e9 de cr\u00e9ateurs de l'\u00e9t\u00e9 2023. Soyez nombreuses \u00e0 nous rejoindre le 17 septembre 23","breadcrumb":{"@id":"https:\/\/albaicin.fr\/index.php\/2023\/07\/26\/deferlantes-camaret\/#breadcrumb"},"inLanguage":"fr-FR","potentialAction":[{"@type":"ReadAction","target":["https:\/\/albaicin.fr\/index.php\/2023\/07\/26\/deferlantes-camaret\/"]}]},{"@type":"ImageObject","inLanguage":"fr-FR","@id":"https:\/\/albaicin.fr\/index.php\/2023\/07\/26\/deferlantes-camaret\/#primaryimage","url":"https:\/\/albaicin.fr\/wp-content\/uploads\/2023\/07\/Marche-de-Createurs-2023-Camaret-sur-Mer.png","contentUrl":"https:\/\/albaicin.fr\/wp-content\/uploads\/2023\/07\/Marche-de-Createurs-2023-Camaret-sur-Mer.png","width":389,"height":549,"caption":"d\u00e9ferlantes"},{"@type":"BreadcrumbList","@id":"https:\/\/albaicin.fr\/index.php\/2023\/07\/26\/deferlantes-camaret\/#breadcrumb","itemListElement":[{"@type":"ListItem","position":1,"name":"Accueil","item":"https:\/\/albaicin.fr\/"},{"@type":"ListItem","position":2,"name":"March\u00e9 des D\u00e9ferlantes &#8211; Camaret-sur-Mer"}]},{"@type":"WebSite","@id":"https:\/\/albaicin.fr\/#website","url":"https:\/\/albaicin.fr\/","name":"albaicin","description":"Un site utilisant WordPress","potentialAction":[{"@type":"SearchAction","target":{"@type":"EntryPoint","urlTemplate":"https:\/\/albaicin.fr\/?s={search_term_string}"},"query-input":{"@type":"PropertyValueSpecification","valueRequired":true,"valueName":"search_term_string"}}],"inLanguage":"fr-FR"},{"@type":"Person","@id":"https:\/\/albaicin.fr\/#\/schema\/person\/09473fcbda5abc6a2c55a4f97334fa3e","name":"Anne","image":{"@type":"ImageObject","inLanguage":"fr-FR","@id":"https:\/\/secure.gravatar.com\/avatar\/44ffaad85ece501cdac578d757c6e7393ff62de80342c68a646775aabc5a3631?s=96&d=mm&r=g","url":"https:\/\/secure.gravatar.com\/avatar\/44ffaad85ece501cdac578d757c6e7393ff62de80342c68a646775aabc5a3631?s=96&d=mm&r=g","contentUrl":"https:\/\/secure.gravatar.com\/avatar\/44ffaad85ece501cdac578d757c6e7393ff62de80342c68a646775aabc5a3631?s=96&d=mm&r=g","caption":"Anne"},"sameAs":["http:\/\/albaicin.fr"],"url":"https:\/\/albaicin.fr\/index.php\/author\/admin5301\/"}]}},"_links":{"self":[{"href":"https:\/\/albaicin.fr\/index.php\/wp-json\/wp\/v2\/posts\/10623","targetHints":{"allow":["GET"]}}],"collection":[{"href":"https:\/\/albaicin.fr\/index.php\/wp-json\/wp\/v2\/posts"}],"about":[{"href":"https:\/\/albaicin.fr\/index.php\/wp-json\/wp\/v2\/types\/post"}],"author":[{"embeddable":true,"href":"https:\/\/albaicin.fr\/index.php\/wp-json\/wp\/v2\/users\/1"}],"replies":[{"embeddable":true,"href":"https:\/\/albaicin.fr\/index.php\/wp-json\/wp\/v2\/comments?post=10623"}],"version-history":[{"count":13,"href":"https:\/\/albaicin.fr\/index.php\/wp-json\/wp\/v2\/posts\/10623\/revisions"}],"predecessor-version":[{"id":10666,"href":"https:\/\/albaicin.fr\/index.php\/wp-json\/wp\/v2\/posts\/10623\/revisions\/10666"}],"wp:featuredmedia":[{"embeddable":true,"href":"https:\/\/albaicin.fr\/index.php\/wp-json\/wp\/v2\/media\/10641"}],"wp:attachment":[{"href":"https:\/\/albaicin.fr\/index.php\/wp-json\/wp\/v2\/media?parent=10623"}],"wp:term":[{"taxonomy":"category","embeddable":true,"href":"https:\/\/albaicin.fr\/index.php\/wp-json\/wp\/v2\/categories?post=10623"},{"taxonomy":"post_tag","embeddable":true,"href":"https:\/\/albaicin.fr\/index.php\/wp-json\/wp\/v2\/tags?post=10623"}],"curies":[{"name":"wp","href":"https:\/\/api.w.org\/{rel}","templated":true}]}}